[{"@context":"https:\/\/schema.org\/","@type":"Article","@id":"https:\/\/kastea.cz\/jak-spravne-pecovat-o-matrace\/#Article","mainEntityOfPage":"https:\/\/kastea.cz\/jak-spravne-pecovat-o-matrace\/","headline":"Jak spr\u00e1vn\u011b pe\u010dovat o matrace","name":"Jak spr\u00e1vn\u011b pe\u010dovat o matrace","description":"Po\u0159izujete si nov\u00e9 matrace z molitanu za cenu dle cen\u00edku, kter\u00e9 skl\u00e1d\u00e1te nap\u0159\u00edklad ze dvou kus\u016f \u2013 z HR p\u011bny a z pam\u011b\u0165ov\u00e9 Visco p\u011bny? A v\u00edte, jak se o matraci spr\u00e1vn\u011b starat, aby v\u00e1m dob\u0159e slou\u017eila \u0159adu let? T\u011blesn\u00e1 hmotnost \u2013 \u010d\u00edm je \u010dlov\u011bk t\u011b\u017e\u0161\u00ed, t\u00edm v\u00edce matraci zat\u011b\u017euje, a ta se pak tak\u00e9 [&hellip;]","datePublished":"2025-01-11","dateModified":"2025-01-11","author":{"@type":"Person","@id":"https:\/\/kastea.cz\/author\/#Person","name":"","url":"https:\/\/kastea.cz\/author\/","identifier":1,"image":{"@type":"ImageObject","@id":"https:\/\/secure.gravatar.com\/avatar\/c670451c29ea740735895e22bccdc4f6?s=96&d=mm&r=g","url":"https:\/\/secure.gravatar.com\/avatar\/c670451c29ea740735895e22bccdc4f6?s=96&d=mm&r=g","height":96,"width":96}},"publisher":{"@type":"Organization","name":"kastea.cz","logo":{"@type":"ImageObject","@id":"\/logo.png","url":"\/logo.png","width":600,"height":60}},"image":{"@type":"ImageObject","@id":"https:\/\/kastea.cz\/wp-content\/uploads\/woman-2197947_640_6.jpg","url":"https:\/\/kastea.cz\/wp-content\/uploads\/woman-2197947_640_6.jpg","height":0,"width":0},"url":"https:\/\/kastea.cz\/jak-spravne-pecovat-o-matrace\/","wordCount":421,"articleBody":"      Po\u0159izujete si nov\u00e9 matrace z molitanu za cenu dle cen\u00edku, kter\u00e9 skl\u00e1d\u00e1te nap\u0159\u00edklad ze dvou kus\u016f \u2013 z HR p\u011bny a z pam\u011b\u0165ov\u00e9 Visco p\u011bny? A v\u00edte, jak se o matraci spr\u00e1vn\u011b starat, aby v\u00e1m dob\u0159e slou\u017eila \u0159adu let? T\u011blesn\u00e1 hmotnost \u2013 \u010d\u00edm je \u010dlov\u011bk t\u011b\u017e\u0161\u00ed, t\u00edm v\u00edce matraci zat\u011b\u017euje, a ta se pak tak\u00e9 deformuje a vy\u017eaduje \u010dast\u011bj\u0161\u00ed v\u00fdm\u011bnu. M\u011bli byte pamatovat na to, \u017ee matrace nem\u00e1 neomezenou \u017eivotnost, a \u017ee po\u0161kozen\u00e1 matrace m\u016f\u017ee m\u00edt neblah\u00fd vliv na va\u0161i p\u00e1te\u0159 v\u010detn\u011b jej\u00ed bedern\u00ed \u010d\u00e1sti. Jestli\u017ee za\u010dnete vn\u00edmat jist\u00e9 nepohodl\u00ed, bude se v\u00e1m \u0161patn\u011b sp\u00e1t a budete se probouzet rozl\u00e1man\u00ed, p\u0159itom u nov\u00e9 matrace to tak nebylo, mo\u017en\u00e1 bude vhodn\u00e9 vym\u011bnit ji za novou. N\u011bkter\u00e9 zdroje doporu\u010duj\u00ed vym\u011bnit matraci zhruba po deseti letech. Chr\u00e1ni\u010d matrace \u2013 chr\u00e1ni\u010de matrac\u00ed jsou speci\u00e1ln\u00ed povlaky, kter\u00e9 \u010d\u00e1ste\u010dn\u011b absorbuj\u00ed v\u00e1\u0161 pot. Daj\u00ed se dob\u0159e vyprat, t\u00edm p\u00e1dem je matrace l\u00e9pe chr\u00e1n\u011bna p\u0159ed zne\u010di\u0161t\u011bn\u00edm. Doporu\u010dujeme tak\u00e9 pou\u017e\u00edt f\u00f3lii, kter\u00e1 zabra\u0148uje prosakov\u00e1n\u00ed vody, pokud v posteli nap\u0159\u00edklad rozlijete \u010daj nebo se na l\u016f\u017eku po\u010d\u016fr\u00e1 va\u0161e mal\u00e9 d\u00edt\u011b. Jestli\u017ee by tekutina pronikla do hloubky molitanu, mohly by se tu vytvo\u0159it pl\u00edsn\u011b. V\u011btr\u00e1n\u00ed \u2013 matrace jsou prody\u0161n\u00e9, ale prody\u0161nost m\u00e1 v\u00fdznam jen v prost\u0159ed\u00ed, ve kter\u00e9m proud\u00ed vzduch, tedy je-li postel snadno odv\u011btrateln\u00e1 nap\u0159\u00edklad zespodu, kde se nach\u00e1z\u00ed lamelov\u00fd nebo prkenn\u00fd ro\u0161t. Pokud by matrace le\u017eela na koberci nebo na pevn\u00e9 podlo\u017ece z lamin\u00e1tu, kudy neprostupuje vzduch, je vhodn\u00e9 po n\u011bkolika t\u00fddnech nechat matraci d\u016fkladn\u011b prov\u011btrat. V\u00fdhodn\u00e9 je, m\u00e1te-li mo\u017enost vyn\u00e9st matraci ven na zahradu a polo\u017eit ji na cel\u00fd den na slun\u00ed\u010dko, nap\u0159\u00edklad na velk\u00fd su\u0161\u00e1k na pr\u00e1dlo.\u010ci\u0161t\u011bn\u00ed matrac\u00ed \u2013 existuje i slu\u017eba \u010di\u0161t\u011bn\u00ed \u010daloun\u011bn\u00ed a matrac\u00ed, kter\u00e1 zbavuje tyto materi\u00e1ly ne\u010distot a r\u016fzn\u00fdch mikroorganism\u016f, jako jsou bakterie nebo rozto\u010di. Tyto slu\u017eby poskytuj\u00ed n\u011bkter\u00e9 \u00faklidov\u00e9 firmy nebo jin\u00ed specialist\u00e9, sta\u010d\u00ed se porozhl\u00e9dnout na Internetu a zadat do vyhled\u00e1va\u010de kl\u00ed\u010dov\u00e1 slova nap\u0159\u00edklad \u201e\u010di\u0161t\u011bn\u00ed matrac\u00ed Pardubice\u201c.                                                                                                                                                                                                                                                                                                                                                                                           5\/5 - (1 vote)        "},{"@context":"https:\/\/schema.org\/","@type":"BreadcrumbList","itemListElement":[{"@type":"ListItem","position":1,"name":"Jak spr\u00e1vn\u011b pe\u010dovat o matrace","item":"https:\/\/kastea.cz\/jak-spravne-pecovat-o-matrace\/#breadcrumbitem"}]}]