[{"@context":"https:\/\/schema.org\/","@type":"Article","@id":"https:\/\/kastea.cz\/prace-s-masem\/#Article","mainEntityOfPage":"https:\/\/kastea.cz\/prace-s-masem\/","headline":"Pr\u00e1ce s masem","name":"Pr\u00e1ce s masem","description":"Tak\u00e9 jste pracovali u\u017e pro n\u011bjakou firmu, kde n\u011bco vyr\u00e1b\u00edte? T\u0159eba vyr\u00e1b\u00edte n\u011bco ze d\u0159eva nebo z plastu anebo ze skla? J\u00e1 jsem jednou byla na jedn\u00e9 takov\u00e9 prohl\u00eddce skl\u00e1rny, kde pr\u00e1v\u011b vyr\u00e1b\u011bly sklo a t\u0159eba n\u00e1dhern\u00e9 skleni\u010dky nebo tal\u00ed\u0159e a tak\u00e9 sklen\u011bn\u00e9 t\u00e1cy a sklen\u011bn\u00e9 podt\u00e1cky. Mus\u00edm \u0159\u00edct, \u017ee je to opravdu pe\u010dliv\u00e1 pr\u00e1ce, [&hellip;]","datePublished":"2023-10-14","dateModified":"2023-10-14","author":{"@type":"Person","@id":"https:\/\/kastea.cz\/author\/#Person","name":"","url":"https:\/\/kastea.cz\/author\/","identifier":1,"image":{"@type":"ImageObject","@id":"https:\/\/secure.gravatar.com\/avatar\/c670451c29ea740735895e22bccdc4f6?s=96&d=mm&r=g","url":"https:\/\/secure.gravatar.com\/avatar\/c670451c29ea740735895e22bccdc4f6?s=96&d=mm&r=g","height":96,"width":96}},"publisher":{"@type":"Organization","name":"kastea.cz","logo":{"@type":"ImageObject","@id":"\/logo.png","url":"\/logo.png","width":600,"height":60}},"image":{"@type":"ImageObject","@id":"https:\/\/kastea.cz\/wp-content\/uploads\/hors-doeuvre-2175326_1280.jpg","url":"https:\/\/kastea.cz\/wp-content\/uploads\/hors-doeuvre-2175326_1280.jpg","height":0,"width":0},"url":"https:\/\/kastea.cz\/prace-s-masem\/","wordCount":454,"articleBody":" Tak\u00e9 jste pracovali u\u017e pro n\u011bjakou firmu, kde n\u011bco vyr\u00e1b\u00edte? T\u0159eba vyr\u00e1b\u00edte n\u011bco ze d\u0159eva nebo z plastu anebo ze skla? J\u00e1 jsem jednou byla na jedn\u00e9 takov\u00e9 prohl\u00eddce skl\u00e1rny, kde pr\u00e1v\u011b vyr\u00e1b\u011bly sklo a t\u0159eba n\u00e1dhern\u00e9 skleni\u010dky nebo tal\u00ed\u0159e a tak\u00e9 sklen\u011bn\u00e9 t\u00e1cy a sklen\u011bn\u00e9 podt\u00e1cky. Mus\u00edm \u0159\u00edct, \u017ee je to opravdu pe\u010dliv\u00e1 pr\u00e1ce, opravdu se mi to hodn\u011b l\u00edbilo a j\u00e1 jsem si \u0159ekla, \u017ee kdybych si tohle mohla vyzkou\u0161et, t\u0159eba by m\u011b to bavilo a stala by se ze m\u011b skl\u00e1\u0159ka. Potom u\u017e jsem tak\u00e9 \u0161la do jednoho zam\u011bstn\u00e1n\u00ed, kde vyr\u00e1b\u011bli zrovna plastov\u00e9 p\u0159epravky na maso. \u0158eknu v\u00e1m, \u017ee pr\u00e1v\u011b v\u00fdroba plastov\u00fdch p\u0159epravek na maso je opravdu velice d\u016fle\u017eit\u00e1, proto\u017ee se jedn\u00e1 vlastn\u011b o potravinu a tady v\u0161ichni v\u00edme, \u017ee kdy\u017e se jedn\u00e1 o potravinu, tak jsou na to opravdu slo\u017eit\u00e9 a velice d\u016fle\u017eit\u00e9 postupy. Tady se nesm\u00ed nic ponechat n\u00e1hod\u011b, tak\u017ee jsem si \u0159ekla, \u017ee by opravdu nebylo od v\u011bci, kdyby t\u0159eba v\u0161ichni lid\u00e9 dbali na to, \u017ee kdy\u017e vyr\u00e1b\u011bj\u00ed n\u011bco, co je na potraviny, nebo pro potravin\u00e1\u0159sk\u00fd pr\u016fmysl, \u017ee to v\u0161echno mus\u00ed b\u00fdt opravdu dokonale ud\u011blan\u00e9. Nesm\u011bjte se mi, ale je tohle pravda. Proto si mysl\u00edm, \u017ee kdy\u017e n\u011bkdo vyr\u00e1b\u00ed plastov\u00e9 p\u0159epravky na maso, tak samoz\u0159ejm\u011b mus\u00ed b\u00fdt z takov\u00e9ho materi\u00e1lu, kter\u00fd je zdravotn\u011b nez\u00e1vadn\u00fd, aby se nic nedostalo k masu, \u017ee by to maso znehodnotilo.Tak\u00e9 by nem\u011blo m\u00edt \u017e\u00e1dn\u00e9 z\u00e1\u0159ezy anebo z\u00e1hyby, proto\u017ee kdyby se tam t\u0159eba dostala \u0161\u0165\u00e1va z masa a neumyli by se to po\u0159\u00e1dn\u011b, tak by to potom mohlo hn\u00edt a byly by tam bakterie a r\u016fzn\u00e9 viry. A tohle by se absolutn\u011b nikomu nel\u00edbilo. J\u00e1 sama bych byla na\u0161tvan\u00e1, kdyby mi n\u011bkdo dal n\u011bjakou plastovou bednu na maso a byly by v n\u00ed n\u011bjak\u00e9 z\u00e1hyby nebo by byla n\u011bjak zne\u010di\u0161t\u011bn\u00e1. Nebo kdybych tam vid\u011bla n\u011bjakou pl\u00edse\u0148. Proto je lep\u0161\u00ed, \u017ee kdy\u017e jsou tyto p\u0159epravky na maso z plastu, proto\u017ee se velice lehce udr\u017euje, sta\u010d\u00ed ho po\u0159\u00e1dn\u011b opl\u00e1chnout horkou vodou p\u0159idat n\u011bjakou dezinfekci, kter\u00e1 je zdravotn\u011b nez\u00e1vadn\u00e1 a potom op\u011bt d\u00e1t horkou vodu. Takhle alespo\u0148 jsme to d\u011blali my na praxi, kdy\u017e jsem se u\u010dila na prodava\u010dku.                                                                                                                                                                                                                                                                                                                                                                                          4.7\/5 - (3 votes)        "},{"@context":"https:\/\/schema.org\/","@type":"BreadcrumbList","itemListElement":[{"@type":"ListItem","position":1,"name":"Pr\u00e1ce s masem","item":"https:\/\/kastea.cz\/prace-s-masem\/#breadcrumbitem"}]}]