[{"@context":"https:\/\/schema.org\/","@type":"Article","@id":"https:\/\/kastea.cz\/z-plenkoviny-si-muzete-usit-pohodlne-domaci-obleceni\/#Article","mainEntityOfPage":"https:\/\/kastea.cz\/z-plenkoviny-si-muzete-usit-pohodlne-domaci-obleceni\/","headline":"Z plenkoviny si m\u016f\u017eete u\u0161\u00edt pohodln\u00e9 dom\u00e1c\u00ed oble\u010den\u00ed","name":"Z plenkoviny si m\u016f\u017eete u\u0161\u00edt pohodln\u00e9 dom\u00e1c\u00ed oble\u010den\u00ed","description":"Stalo se v\u00e1m n\u011bkdy, \u017ee jste pro\u017eili ospal\u00fd den, jako kocour Koke\u0161 a kavka Kocanda ve ve\u010dern\u00ed\u010dku O zv\u00ed\u0159\u00e1tk\u00e1ch pana Krbce? Ti dva si vlezli do komnaty, kde byl p\u0159\u00edjemn\u00fd chl\u00e1dek, a kocour pak zaujal m\u00edsto na m\u011bkk\u00e9m k\u0159esle. Oba dva tam pak z\u0159ejm\u011b prospali n\u011bkolik hodin a v\u016fbec jim nep\u0159i\u0161lo podivn\u00e9, \u017ee nen\u00ed noc, [&hellip;]","datePublished":"2024-07-08","dateModified":"2024-07-08","author":{"@type":"Person","@id":"https:\/\/kastea.cz\/author\/#Person","name":"","url":"https:\/\/kastea.cz\/author\/","identifier":1,"image":{"@type":"ImageObject","@id":"https:\/\/secure.gravatar.com\/avatar\/c670451c29ea740735895e22bccdc4f6?s=96&d=mm&r=g","url":"https:\/\/secure.gravatar.com\/avatar\/c670451c29ea740735895e22bccdc4f6?s=96&d=mm&r=g","height":96,"width":96}},"publisher":{"@type":"Organization","name":"kastea.cz","logo":{"@type":"ImageObject","@id":"\/logo.png","url":"\/logo.png","width":600,"height":60}},"image":{"@type":"ImageObject","@id":"https:\/\/kastea.cz\/wp-content\/uploads\/baby-19534_640_10_3.jpg","url":"https:\/\/kastea.cz\/wp-content\/uploads\/baby-19534_640_10_3.jpg","height":0,"width":0},"url":"https:\/\/kastea.cz\/z-plenkoviny-si-muzete-usit-pohodlne-domaci-obleceni\/","wordCount":441,"articleBody":" Stalo se v\u00e1m n\u011bkdy, \u017ee jste pro\u017eili ospal\u00fd den, jako kocour Koke\u0161 a kavka Kocanda ve ve\u010dern\u00ed\u010dku O zv\u00ed\u0159\u00e1tk\u00e1ch pana Krbce? Ti dva si vlezli do komnaty, kde byl p\u0159\u00edjemn\u00fd chl\u00e1dek, a kocour pak zaujal m\u00edsto na m\u011bkk\u00e9m k\u0159esle. Oba dva tam pak z\u0159ejm\u011b prospali n\u011bkolik hodin a v\u016fbec jim nep\u0159i\u0161lo podivn\u00e9, \u017ee nen\u00ed noc, a \u017ee by m\u011bli b\u00fdt naopak v bd\u011bl\u00e9m stavu a sv\u016fj den tr\u00e1vit mnohem \u00fa\u010deln\u011bji. Kdy\u017e na n\u00e1s p\u0159ijde ospal\u00fd den, tak\u00e9 se n\u00e1m nechce vyl\u00e9zat z postele, a pokud se p\u0159ece jen odhodl\u00e1me, z\u016fst\u00e1v\u00e1me v bavln\u011bn\u00e9m py\u017eamu od r\u00e1na do ve\u010dera. Bavln\u011bn\u00e9 py\u017eamov\u00e9 triko a kalhoty jsou dostate\u010dn\u011b voln\u00e9 a natolik p\u0159\u00edjemn\u00e9 na dotek, \u017ee bychom je v tu chv\u00edli nevym\u011bnili za \u017e\u00e1dn\u00fd jin\u00fd typ oble\u010den\u00ed a textiln\u00ed materi\u00e1l. Ne v\u017edy se n\u00e1m ale poda\u0159\u00ed objevit v nab\u00eddce b\u011b\u017en\u00e9 od\u011bvn\u00ed konfekce py\u017eama, kter\u00e1 by n\u00e1m, jak se \u0159\u00edk\u00e1, padla jako ulit\u00e1.U\u0161ijte si py\u017eamo samiKdo z v\u00e1s se n\u011bkdy setkal v obchodech s textilem s plenkovinou, nebo zn\u00e1 klasick\u00e9 bavln\u011bn\u00e9 plenky pro batolata, kter\u00e9 jsou mnohem lep\u0161\u00ed, ne\u017e plenky jednor\u00e1zov\u00e9, nav\u00edc napu\u0161t\u011bn\u00e9 syntetick\u00fdmi chemick\u00fdmi l\u00e1tkami pro lep\u0161\u00ed absorpci tekutin, uv\u011bdom\u00ed si, jak velice p\u0159\u00edjemn\u00fd druh textilie to je. Z plenkoviny se daj\u00ed u\u0161\u00edt pro d\u011bti ru\u010dn\u00edky, osu\u0161ky i brynd\u00e1\u010dky, ale p\u0159i tro\u0161e \u0161ikovnosti z nich sp\u00edchnete i py\u017eamo, p\u0159esn\u011b na m\u00edru, takov\u00e9, o jak\u00e9m by zatou\u017eil i kocour Koke\u0161.B\u00edlou plenkovinu si m\u016f\u017eete obarvit barvami Duha do n\u011bkolika z\u00e1kladn\u00edch barevn\u00fdch variant, vytvo\u0159it zaj\u00edmavou batiku, a m\u00e1te dom\u00e1c\u00ed oble\u010den\u00ed pro voln\u00fd \u010das, kter\u00e9 ani py\u017eamo nep\u0159ipom\u00edn\u00e1. M\u016f\u017eete se v n\u011bm promen\u00e1dovat doma v r\u00e1mci ospal\u00e9ho dne, nebo se s n\u00edm vypravit na zahradu k posezen\u00ed s p\u0159\u00e1teli pod pergolou, anebo vykon\u00e1vat b\u011b\u017en\u00e9 dom\u00e1c\u00ed \u00faklidov\u00e9 \u010di \u00fadr\u017eb\u00e1\u0159sk\u00e9 pr\u00e1ce. Plenkovinu u\u017eij\u00ed i mu\u017ei, i t\u011bm by mohl vlastnoru\u010dn\u011b u\u0161it\u00fd model dom\u00e1c\u00edho oble\u010den\u00ed vyhovovat, a to jak v podob\u011b tri\u010dka s dlouh\u00fdm ruk\u00e1vem, tak i py\u017eamov\u00fdch dlouh\u00fdch nebo t\u0159\u00ed\u010dtvrte\u010dn\u00edch kalhot.                                                                                                                                                                                                                                                                                                                                                                                         5\/5 - (1 vote)        "},{"@context":"https:\/\/schema.org\/","@type":"BreadcrumbList","itemListElement":[{"@type":"ListItem","position":1,"name":"Z plenkoviny si m\u016f\u017eete u\u0161\u00edt pohodln\u00e9 dom\u00e1c\u00ed oble\u010den\u00ed","item":"https:\/\/kastea.cz\/z-plenkoviny-si-muzete-usit-pohodlne-domaci-obleceni\/#breadcrumbitem"}]}]